{"id":59299,"date":"2022-06-02T13:44:55","date_gmt":"2022-06-02T13:44:55","guid":{"rendered":"http:\/\/localhost\/soycanada.ca\/?p=59299"},"modified":"2022-06-02T13:44:57","modified_gmt":"2022-06-02T13:44:57","slug":"soy-canadas-8th-annual-general-meeting","status":"publish","type":"post","link":"https:\/\/soycanada.ca\/fr\/soy-canadas-8th-annual-general-meeting\/","title":{"rendered":"8e assembl\u00e9e g\u00e9n\u00e9rale annuelle de Soy Canada"},"content":{"rendered":"<p>Vous souhaitez en savoir plus sur la fa\u00e7on dont la cha\u00eene de valeur du soja travaille ensemble par le biais de Soy Canada ?<\/p>\n\n\n\n<p>Veuillez vous joindre \u00e0 nous le 20 juin \u00e0 l&#039;h\u00f4tel Fort Garry \u00e0 Winnipeg, au Manitoba, de 11 h \u00e0 13 h HNC, pour un retour sur l&#039;ann\u00e9e \u00e9coul\u00e9e pour l&#039;industrie du soya. La r\u00e9union sera \u00e9galement disponible en ligne pour ceux qui ne peuvent pas nous rejoindre en personne.<\/p>\n\n\n\n<p>Les administrateurs et le directeur g\u00e9n\u00e9ral de Soy Canada parleront des activit\u00e9s de l&#039;organisation au cours de la derni\u00e8re ann\u00e9e et de ce qui se profile \u00e0 l&#039;horizon. Venez d\u00e9couvrir les efforts de la cha\u00eene de valeur du soja en mati\u00e8re de leadership de l&#039;industrie, d&#039;acc\u00e8s au march\u00e9, de d\u00e9veloppement du march\u00e9 et de coordination en mati\u00e8re d&#039;innovation et de recherche. Nous sommes \u00e9galement heureux d&#039;accueillir le conf\u00e9rencier principal, le ministre de l&#039;Agriculture du Manitoba, l&#039;honorable Derek Johnson, qui nous donne son point de vue sur ce qui attend l&#039;agriculture manitobaine.<\/p>\n\n\n\n<p><strong><a href=\"https:\/\/forms.office.com\/r\/1ZRrUbNW50\">Inscrivez-vous \u00e0 l&#039;avance ici<\/a><\/strong> avant le 13 juin 2022.<\/p>\n\n\n\n<p>Pour plus d&#039;information veuillez contacter:<\/p>\n\n\n\n<p>Brian Innes<br>Directeur g\u00e9n\u00e9ral<br>Soy Canada<br>613-617-8483<a href=\"mailto:jenglish@pulsecanada.com\"><br>binnes@soycanada.ca<\/a><\/p>","protected":false},"excerpt":{"rendered":"Vous souhaitez en savoir plus sur la fa\u00e7on dont la cha\u00eene de valeur du soja travaille ensemble par le biais de Soy Canada ? Veuillez vous joindre \u00e0 nous le 20 juin \u00e0 l&#039;h\u00f4tel Fort Garry \u00e0 Winnipeg, au Manitoba, de 11 h \u00e0 13 h HNC, pour un retour sur l&#039;ann\u00e9e \u00e9coul\u00e9e pour l&#039;industrie du soya. La r\u00e9union sera \u00e9galement disponible en ligne pour ceux qui ne peuvent pas nous rejoindre\u2026","protected":false},"author":3,"featured_media":0,"comment_status":"closed","ping_status":"closed","sticky":false,"template":"","format":"standard","meta":{"_acf_changed":false,"footnotes":""},"categories":[8],"tags":[],"class_list":["post-59299","post","type-post","status-publish","format-standard","hentry","category-news-release"],"acf":[],"aioseo_notices":[],"aioseo_head":"\n\t\t<!-- All in One SEO 5.0.0.1 - aioseo.com -->\n\t<meta name=\"description\" content=\"Interested in knowing more about how the soy value chain is working together through Soy Canada? Please join us on June 20th at the Fort Garry Hotel in Winnipeg, Manitoba from 11:00 to 1:00 CST for a look back at the past year for the soybean industry. The meeting will also be available online for\" \/>\n\t<meta name=\"robots\" content=\"max-image-preview:large\" \/>\n\t<meta name=\"author\" content=\"Gail Granger\"\/>\n\t<link rel=\"canonical\" href=\"https:\/\/soycanada.ca\/fr\/soy-canadas-8th-annual-general-meeting\/\" \/>\n\t<meta name=\"generator\" content=\"All in One SEO (AIOSEO) 5.0.0.1\" \/>\n\t\t<meta property=\"og:locale\" content=\"fr_CA\" \/>\n\t\t<meta property=\"og:site_name\" content=\"Soy Canada - The national association uniting all groups driving the Canadian soybean industry.\" \/>\n\t\t<meta property=\"og:type\" content=\"article\" \/>\n\t\t<meta property=\"og:title\" content=\"Soy Canada\u2019s 8th Annual General Meeting - Soy Canada\" \/>\n\t\t<meta property=\"og:description\" content=\"Interested in knowing more about how the soy value chain is working together through Soy Canada? Please join us on June 20th at the Fort Garry Hotel in Winnipeg, Manitoba from 11:00 to 1:00 CST for a look back at the past year for the soybean industry. The meeting will also be available online for\" \/>\n\t\t<meta property=\"og:url\" content=\"https:\/\/soycanada.ca\/fr\/soy-canadas-8th-annual-general-meeting\/\" \/>\n\t\t<meta property=\"og:image\" content=\"https:\/\/soycanada.ca\/wp-content\/uploads\/2025\/02\/SoyCanada_Logo-smaller.jpg\" \/>\n\t\t<meta property=\"og:image:secure_url\" content=\"https:\/\/soycanada.ca\/wp-content\/uploads\/2025\/02\/SoyCanada_Logo-smaller.jpg\" \/>\n\t\t<meta property=\"og:image:width\" content=\"400\" \/>\n\t\t<meta property=\"og:image:height\" content=\"218\" \/>\n\t\t<meta property=\"article:published_time\" content=\"2022-06-02T13:44:55+00:00\" \/>\n\t\t<meta property=\"article:modified_time\" content=\"2022-06-02T13:44:57+00:00\" \/>\n\t\t<meta name=\"twitter:card\" content=\"summary_large_image\" \/>\n\t\t<meta name=\"twitter:title\" content=\"Soy Canada\u2019s 8th Annual General Meeting - Soy Canada\" \/>\n\t\t<meta name=\"twitter:description\" content=\"Interested in knowing more about how the soy value chain is working together through Soy Canada? Please join us on June 20th at the Fort Garry Hotel in Winnipeg, Manitoba from 11:00 to 1:00 CST for a look back at the past year for the soybean industry. The meeting will also be available online for\" \/>\n\t\t<meta name=\"twitter:image\" content=\"https:\/\/soycanada.ca\/wp-content\/uploads\/2025\/02\/SoyCanada_Logo-smaller.jpg\" \/>\n\t\t<script type=\"application\/ld+json\" class=\"aioseo-schema\">\n\t\t\t{\"@context\":\"https:\\\/\\\/schema.org\",\"@graph\":[{\"@type\":\"BlogPosting\",\"@id\":\"https:\\\/\\\/soycanada.ca\\\/fr\\\/soy-canadas-8th-annual-general-meeting\\\/#blogposting\",\"name\":\"Soy Canada\\u2019s 8th Annual General Meeting - Soy Canada\",\"headline\":\"Soy Canada\\u2019s 8th Annual General Meeting\",\"author\":{\"@id\":\"https:\\\/\\\/soycanada.ca\\\/fr\\\/author\\\/gailgranger\\\/#author\"},\"publisher\":{\"@id\":\"https:\\\/\\\/soycanada.ca\\\/fr\\\/#organization\"},\"image\":{\"@type\":\"ImageObject\",\"url\":\"https:\\\/\\\/soycanada.ca\\\/wp-content\\\/uploads\\\/2025\\\/02\\\/SoyCanada_Logo-smaller.jpg\",\"@id\":\"https:\\\/\\\/soycanada.ca\\\/fr\\\/#articleImage\",\"width\":400,\"height\":218},\"datePublished\":\"2022-06-02T13:44:55-04:00\",\"dateModified\":\"2022-06-02T13:44:57-04:00\",\"inLanguage\":\"fr-CA\",\"mainEntityOfPage\":{\"@id\":\"https:\\\/\\\/soycanada.ca\\\/fr\\\/soy-canadas-8th-annual-general-meeting\\\/#webpage\"},\"isPartOf\":{\"@id\":\"https:\\\/\\\/soycanada.ca\\\/fr\\\/soy-canadas-8th-annual-general-meeting\\\/#webpage\"},\"articleSection\":\"News Release\"},{\"@type\":\"BreadcrumbList\",\"@id\":\"https:\\\/\\\/soycanada.ca\\\/fr\\\/soy-canadas-8th-annual-general-meeting\\\/#breadcrumblist\",\"itemListElement\":[{\"@type\":\"ListItem\",\"@id\":\"https:\\\/\\\/soycanada.ca\\\/fr#listItem\",\"position\":1,\"name\":\"Home\",\"item\":\"https:\\\/\\\/soycanada.ca\\\/fr\",\"nextItem\":{\"@type\":\"ListItem\",\"@id\":\"https:\\\/\\\/soycanada.ca\\\/fr\\\/category\\\/news-release\\\/#listItem\",\"name\":\"News Release\"}},{\"@type\":\"ListItem\",\"@id\":\"https:\\\/\\\/soycanada.ca\\\/fr\\\/category\\\/news-release\\\/#listItem\",\"position\":2,\"name\":\"News Release\",\"item\":\"https:\\\/\\\/soycanada.ca\\\/fr\\\/category\\\/news-release\\\/\",\"nextItem\":{\"@type\":\"ListItem\",\"@id\":\"https:\\\/\\\/soycanada.ca\\\/fr\\\/soy-canadas-8th-annual-general-meeting\\\/#listItem\",\"name\":\"Soy Canada\\u2019s 8th Annual General Meeting\"},\"previousItem\":{\"@type\":\"ListItem\",\"@id\":\"https:\\\/\\\/soycanada.ca\\\/fr#listItem\",\"name\":\"Home\"}},{\"@type\":\"ListItem\",\"@id\":\"https:\\\/\\\/soycanada.ca\\\/fr\\\/soy-canadas-8th-annual-general-meeting\\\/#listItem\",\"position\":3,\"name\":\"Soy Canada\\u2019s 8th Annual General Meeting\",\"previousItem\":{\"@type\":\"ListItem\",\"@id\":\"https:\\\/\\\/soycanada.ca\\\/fr\\\/category\\\/news-release\\\/#listItem\",\"name\":\"News Release\"}}]},{\"@type\":\"Organization\",\"@id\":\"https:\\\/\\\/soycanada.ca\\\/fr\\\/#organization\",\"name\":\"Soy Canada\",\"description\":\"The national association uniting all groups driving the Canadian soybean industry.\",\"url\":\"https:\\\/\\\/soycanada.ca\\\/fr\\\/\",\"logo\":{\"@type\":\"ImageObject\",\"url\":\"https:\\\/\\\/soycanada.ca\\\/wp-content\\\/uploads\\\/2025\\\/02\\\/SoyCanada_Logo-smaller.jpg\",\"@id\":\"https:\\\/\\\/soycanada.ca\\\/fr\\\/soy-canadas-8th-annual-general-meeting\\\/#organizationLogo\",\"width\":400,\"height\":218},\"image\":{\"@id\":\"https:\\\/\\\/soycanada.ca\\\/fr\\\/soy-canadas-8th-annual-general-meeting\\\/#organizationLogo\"}},{\"@type\":\"Person\",\"@id\":\"https:\\\/\\\/soycanada.ca\\\/fr\\\/author\\\/gailgranger\\\/#author\",\"url\":\"https:\\\/\\\/soycanada.ca\\\/fr\\\/author\\\/gailgranger\\\/\",\"name\":\"Gail Granger\",\"image\":{\"@type\":\"ImageObject\",\"@id\":\"https:\\\/\\\/soycanada.ca\\\/fr\\\/soy-canadas-8th-annual-general-meeting\\\/#authorImage\",\"url\":\"https:\\\/\\\/secure.gravatar.com\\\/avatar\\\/ae3cd01b30fc9cedb3ae49d2c8e5ab49?s=96&d=mm&r=g\",\"width\":96,\"height\":96,\"caption\":\"Gail Granger\"}},{\"@type\":\"WebPage\",\"@id\":\"https:\\\/\\\/soycanada.ca\\\/fr\\\/soy-canadas-8th-annual-general-meeting\\\/#webpage\",\"url\":\"https:\\\/\\\/soycanada.ca\\\/fr\\\/soy-canadas-8th-annual-general-meeting\\\/\",\"name\":\"Soy Canada\\u2019s 8th Annual General Meeting - Soy Canada\",\"description\":\"Interested in knowing more about how the soy value chain is working together through Soy Canada? Please join us on June 20th at the Fort Garry Hotel in Winnipeg, Manitoba from 11:00 to 1:00 CST for a look back at the past year for the soybean industry. The meeting will also be available online for\",\"inLanguage\":\"fr-CA\",\"isPartOf\":{\"@id\":\"https:\\\/\\\/soycanada.ca\\\/fr\\\/#website\"},\"breadcrumb\":{\"@id\":\"https:\\\/\\\/soycanada.ca\\\/fr\\\/soy-canadas-8th-annual-general-meeting\\\/#breadcrumblist\"},\"author\":{\"@id\":\"https:\\\/\\\/soycanada.ca\\\/fr\\\/author\\\/gailgranger\\\/#author\"},\"creator\":{\"@id\":\"https:\\\/\\\/soycanada.ca\\\/fr\\\/author\\\/gailgranger\\\/#author\"},\"datePublished\":\"2022-06-02T13:44:55-04:00\",\"dateModified\":\"2022-06-02T13:44:57-04:00\"},{\"@type\":\"WebSite\",\"@id\":\"https:\\\/\\\/soycanada.ca\\\/fr\\\/#website\",\"url\":\"https:\\\/\\\/soycanada.ca\\\/fr\\\/\",\"name\":\"Soy Canada\",\"description\":\"The national association uniting all groups driving the Canadian soybean industry.\",\"inLanguage\":\"fr-CA\",\"publisher\":{\"@id\":\"https:\\\/\\\/soycanada.ca\\\/fr\\\/#organization\"}}]}\n\t\t<\/script>\n\t\t<!-- All in One SEO -->\n\n","aioseo_head_json":{"title":"8e assembl\u00e9e g\u00e9n\u00e9rale annuelle de Soy Canada - Soy Canada","description":"Vous souhaitez en savoir plus sur la collaboration au sein de la cha\u00eene de valeur du soja gr\u00e2ce \u00e0 Soy Canada\u00a0? Joignez-vous \u00e0 nous le 20\u00a0juin \u00e0 l\u2019h\u00f4tel Fort Garry de Winnipeg (Manitoba), de 11\u00a0h \u00e0 13\u00a0h (heure du Centre), pour un retour sur l\u2019ann\u00e9e \u00e9coul\u00e9e pour l\u2019industrie du soja. La r\u00e9union sera \u00e9galement accessible en ligne.","canonical_url":"https:\/\/soycanada.ca\/fr\/soy-canadas-8th-annual-general-meeting\/","robots":"max-image-preview:large","keywords":"","webmasterTools":{"miscellaneous":""},"schema":{"@context":"https:\/\/schema.org","@graph":[{"@type":"BlogPosting","@id":"https:\/\/soycanada.ca\/fr\/soy-canadas-8th-annual-general-meeting\/#blogposting","name":"Soy Canada\u2019s 8th Annual General Meeting - Soy Canada","headline":"Soy Canada\u2019s 8th Annual General Meeting","author":{"@id":"https:\/\/soycanada.ca\/fr\/author\/gailgranger\/#author"},"publisher":{"@id":"https:\/\/soycanada.ca\/fr\/#organization"},"image":{"@type":"ImageObject","url":"https:\/\/soycanada.ca\/wp-content\/uploads\/2025\/02\/SoyCanada_Logo-smaller.jpg","@id":"https:\/\/soycanada.ca\/fr\/#articleImage","width":400,"height":218},"datePublished":"2022-06-02T13:44:55-04:00","dateModified":"2022-06-02T13:44:57-04:00","inLanguage":"fr-CA","mainEntityOfPage":{"@id":"https:\/\/soycanada.ca\/fr\/soy-canadas-8th-annual-general-meeting\/#webpage"},"isPartOf":{"@id":"https:\/\/soycanada.ca\/fr\/soy-canadas-8th-annual-general-meeting\/#webpage"},"articleSection":"News Release"},{"@type":"BreadcrumbList","@id":"https:\/\/soycanada.ca\/fr\/soy-canadas-8th-annual-general-meeting\/#breadcrumblist","itemListElement":[{"@type":"ListItem","@id":"https:\/\/soycanada.ca\/fr#listItem","position":1,"name":"Home","item":"https:\/\/soycanada.ca\/fr","nextItem":{"@type":"ListItem","@id":"https:\/\/soycanada.ca\/fr\/category\/news-release\/#listItem","name":"News Release"}},{"@type":"ListItem","@id":"https:\/\/soycanada.ca\/fr\/category\/news-release\/#listItem","position":2,"name":"News Release","item":"https:\/\/soycanada.ca\/fr\/category\/news-release\/","nextItem":{"@type":"ListItem","@id":"https:\/\/soycanada.ca\/fr\/soy-canadas-8th-annual-general-meeting\/#listItem","name":"Soy Canada\u2019s 8th Annual General Meeting"},"previousItem":{"@type":"ListItem","@id":"https:\/\/soycanada.ca\/fr#listItem","name":"Home"}},{"@type":"ListItem","@id":"https:\/\/soycanada.ca\/fr\/soy-canadas-8th-annual-general-meeting\/#listItem","position":3,"name":"Soy Canada\u2019s 8th Annual General Meeting","previousItem":{"@type":"ListItem","@id":"https:\/\/soycanada.ca\/fr\/category\/news-release\/#listItem","name":"News Release"}}]},{"@type":"Organization","@id":"https:\/\/soycanada.ca\/fr\/#organization","name":"Soy Canada","description":"The national association uniting all groups driving the Canadian soybean industry.","url":"https:\/\/soycanada.ca\/fr\/","logo":{"@type":"ImageObject","url":"https:\/\/soycanada.ca\/wp-content\/uploads\/2025\/02\/SoyCanada_Logo-smaller.jpg","@id":"https:\/\/soycanada.ca\/fr\/soy-canadas-8th-annual-general-meeting\/#organizationLogo","width":400,"height":218},"image":{"@id":"https:\/\/soycanada.ca\/fr\/soy-canadas-8th-annual-general-meeting\/#organizationLogo"}},{"@type":"Person","@id":"https:\/\/soycanada.ca\/fr\/author\/gailgranger\/#author","url":"https:\/\/soycanada.ca\/fr\/author\/gailgranger\/","name":"Gail Granger","image":{"@type":"ImageObject","@id":"https:\/\/soycanada.ca\/fr\/soy-canadas-8th-annual-general-meeting\/#authorImage","url":"https:\/\/secure.gravatar.com\/avatar\/ae3cd01b30fc9cedb3ae49d2c8e5ab49?s=96&d=mm&r=g","width":96,"height":96,"caption":"Gail Granger"}},{"@type":"WebPage","@id":"https:\/\/soycanada.ca\/fr\/soy-canadas-8th-annual-general-meeting\/#webpage","url":"https:\/\/soycanada.ca\/fr\/soy-canadas-8th-annual-general-meeting\/","name":"Soy Canada\u2019s 8th Annual General Meeting - Soy Canada","description":"Interested in knowing more about how the soy value chain is working together through Soy Canada? Please join us on June 20th at the Fort Garry Hotel in Winnipeg, Manitoba from 11:00 to 1:00 CST for a look back at the past year for the soybean industry. The meeting will also be available online for","inLanguage":"fr-CA","isPartOf":{"@id":"https:\/\/soycanada.ca\/fr\/#website"},"breadcrumb":{"@id":"https:\/\/soycanada.ca\/fr\/soy-canadas-8th-annual-general-meeting\/#breadcrumblist"},"author":{"@id":"https:\/\/soycanada.ca\/fr\/author\/gailgranger\/#author"},"creator":{"@id":"https:\/\/soycanada.ca\/fr\/author\/gailgranger\/#author"},"datePublished":"2022-06-02T13:44:55-04:00","dateModified":"2022-06-02T13:44:57-04:00"},{"@type":"WebSite","@id":"https:\/\/soycanada.ca\/fr\/#website","url":"https:\/\/soycanada.ca\/fr\/","name":"Soy Canada","description":"The national association uniting all groups driving the Canadian soybean industry.","inLanguage":"fr-CA","publisher":{"@id":"https:\/\/soycanada.ca\/fr\/#organization"}}]},"og:locale":"fr_CA","og:site_name":"Soy Canada - The national association uniting all groups driving the Canadian soybean industry.","og:type":"article","og:title":"Soy Canada\u2019s 8th Annual General Meeting - Soy Canada","og:description":"Interested in knowing more about how the soy value chain is working together through Soy Canada? Please join us on June 20th at the Fort Garry Hotel in Winnipeg, Manitoba from 11:00 to 1:00 CST for a look back at the past year for the soybean industry. The meeting will also be available online for","og:url":"https:\/\/soycanada.ca\/fr\/soy-canadas-8th-annual-general-meeting\/","og:image":"https:\/\/soycanada.ca\/wp-content\/uploads\/2025\/02\/SoyCanada_Logo-smaller.jpg","og:image:secure_url":"https:\/\/soycanada.ca\/wp-content\/uploads\/2025\/02\/SoyCanada_Logo-smaller.jpg","og:image:width":400,"og:image:height":218,"article:published_time":"2022-06-02T13:44:55+00:00","article:modified_time":"2022-06-02T13:44:57+00:00","twitter:card":"summary_large_image","twitter:title":"Soy Canada\u2019s 8th Annual General Meeting - Soy Canada","twitter:description":"Interested in knowing more about how the soy value chain is working together through Soy Canada? Please join us on June 20th at the Fort Garry Hotel in Winnipeg, Manitoba from 11:00 to 1:00 CST for a look back at the past year for the soybean industry. The meeting will also be available online for","twitter:image":"https:\/\/soycanada.ca\/wp-content\/uploads\/2025\/02\/SoyCanada_Logo-smaller.jpg"},"aioseo_meta_data":{"post_id":"59299","title":null,"description":null,"keywords":null,"keyphrases":null,"primary_term":null,"canonical_url":null,"og_title":null,"og_description":null,"og_object_type":"default","og_image_type":"default","og_image_url":null,"og_image_width":null,"og_image_height":null,"og_image_custom_url":null,"og_image_custom_fields":null,"og_video":null,"og_custom_url":null,"og_article_section":null,"og_article_tags":null,"twitter_use_og":false,"twitter_card":"default","twitter_image_type":"default","twitter_image_url":null,"twitter_image_custom_url":null,"twitter_image_custom_fields":null,"twitter_title":null,"twitter_description":null,"schema":{"blockGraphs":[],"customGraphs":[],"default":{"data":{"Article":[],"Course":[],"Dataset":[],"FAQPage":[],"Movie":[],"Person":[],"Product":[],"ProductReview":[],"Car":[],"Recipe":[],"Service":[],"SoftwareApplication":[],"WebPage":[]},"graphName":"","isEnabled":true},"graphs":[]},"schema_type":"default","schema_type_options":null,"pillar_content":false,"robots_default":true,"robots_noindex":false,"robots_noarchive":false,"robots_nosnippet":false,"robots_nofollow":false,"robots_noimageindex":false,"robots_noodp":false,"robots_notranslate":false,"robots_max_snippet":null,"robots_max_videopreview":null,"robots_max_imagepreview":"large","priority":null,"frequency":null,"local_seo":null,"breadcrumb_settings":null,"limit_modified_date":false,"ai":null,"created":"2025-02-03 16:44:21","updated":"2025-06-26 14:03:55","focus_keyword":null,"additional_keywords":null,"truseo_locale":null,"seo_analyzer_scan_date":null},"aioseo_breadcrumb":"<div class=\"aioseo-breadcrumbs\"><span class=\"aioseo-breadcrumb\">\n\t\t\t<a href=\"https:\/\/soycanada.ca\/fr\" title=\"Home\">Home<\/a>\n\t\t<\/span><span class=\"aioseo-breadcrumb-separator\">&raquo;<\/span><span class=\"aioseo-breadcrumb\">\n\t\t\t<a href=\"https:\/\/soycanada.ca\/fr\/category\/news-release\/\" title=\"News Release\">News Release<\/a>\n\t\t<\/span><span class=\"aioseo-breadcrumb-separator\">&raquo;<\/span><span class=\"aioseo-breadcrumb\">\n\t\t\tSoy Canada\u2019s 8th Annual General Meeting\n\t\t<\/span><\/div>","aioseo_breadcrumb_json":[{"label":"Home","link":"https:\/\/soycanada.ca\/fr"},{"label":"News Release","link":"https:\/\/soycanada.ca\/fr\/category\/news-release\/"},{"label":"Soy Canada\u2019s 8th Annual General Meeting","link":"https:\/\/soycanada.ca\/fr\/soy-canadas-8th-annual-general-meeting\/"}],"_links":{"self":[{"href":"https:\/\/soycanada.ca\/fr\/wp-json\/wp\/v2\/posts\/59299","targetHints":{"allow":["GET"]}}],"collection":[{"href":"https:\/\/soycanada.ca\/fr\/wp-json\/wp\/v2\/posts"}],"about":[{"href":"https:\/\/soycanada.ca\/fr\/wp-json\/wp\/v2\/types\/post"}],"author":[{"embeddable":true,"href":"https:\/\/soycanada.ca\/fr\/wp-json\/wp\/v2\/users\/3"}],"replies":[{"embeddable":true,"href":"https:\/\/soycanada.ca\/fr\/wp-json\/wp\/v2\/comments?post=59299"}],"version-history":[{"count":0,"href":"https:\/\/soycanada.ca\/fr\/wp-json\/wp\/v2\/posts\/59299\/revisions"}],"wp:attachment":[{"href":"https:\/\/soycanada.ca\/fr\/wp-json\/wp\/v2\/media?parent=59299"}],"wp:term":[{"taxonomy":"category","embeddable":true,"href":"https:\/\/soycanada.ca\/fr\/wp-json\/wp\/v2\/categories?post=59299"},{"taxonomy":"post_tag","embeddable":true,"href":"https:\/\/soycanada.ca\/fr\/wp-json\/wp\/v2\/tags?post=59299"}],"curies":[{"name":"wp","href":"https:\/\/api.w.org\/{rel}","templated":true}]}}